{"id":153,"date":"2018-06-13T18:15:47","date_gmt":"2018-06-13T16:15:47","guid":{"rendered":"http:\/\/severinedacosta.com\/?p=153"},"modified":"2018-09-07T14:38:44","modified_gmt":"2018-09-07T12:38:44","slug":"video-triathlon-motivation","status":"publish","type":"post","link":"https:\/\/severinedacosta.com\/index.php\/2018\/06\/13\/video-triathlon-motivation\/","title":{"rendered":"Vid\u00e9o Triathlon motivation"},"content":{"rendered":"<p>Hello, hello,<\/p>\n<p>Surprise \ud83d\ude42<\/p>\n<p>Nous vous en avions parl\u00e9 il y a bient\u00f4t un mois et elle est enfin l\u00e0!<\/p>\n<p>Quoi de mieux qu&rsquo;un petite vid\u00e9o, pour essayer de vous transmettre au mieux notre passion ?<\/p>\n<p>Baptiste et moi avions envie de vous partager un petit bout de notre pr\u00e9paration IronMan 140.6 qui l&rsquo;air de rien occupe bien nos journ\u00e9es et nos semaines.<\/p>\n<p>Nous avons eu la chance gr\u00e2ce \u00e0 mon ami Fabien Colin de r\u00e9aliser une petite vid\u00e9o pour vous donner envie de vous lancer dans la folle et belle aventure qu&rsquo;est le Triathlon.<\/p>\n<p>Je reviens tr\u00e8s vite vous \u00e9crire un article au sujet de mes d\u00e9but en Triathlon et tout ce qui pourrait vous int\u00e9resser mais en attendant je vous laisse plonger dans notre folle Passion !<\/p>\n<blockquote><p>certaines personnes confondent la passion et la folie ! Laissez moi juste vous dire que je suis follement passionn\u00e9e<\/p><\/blockquote>\n<p><!--more--><!--more--><!--more--><!--more--><\/p>\n<div style=\"position: relative; height: 0; padding-bottom: 56.25%;\"><iframe loading=\"lazy\" style=\"position: absolute; width: 100%; height: 100%; left: 0;\" src=\"https:\/\/www.youtube.com\/embed\/n-Yps1Wr6xk?ecver=2\" width=\"640\" height=\"360\" frameborder=\"0\" allowfullscreen=\"allowfullscreen\"><\/iframe><\/div>\n<p>Cr\u00e9dit Vid\u00e9o : \u00a0@fabien_colin<\/p>\n","protected":false},"excerpt":{"rendered":"<p>Hello, hello, Surprise \ud83d\ude42 Nous vous en avions parl\u00e9 il y a bient\u00f4t un mois et elle est enfin l\u00e0! Quoi de mieux qu&rsquo;un petite vid\u00e9o, pour essayer de vous transmettre au mieux notre passion ? Baptiste et moi avions envie de vous partager un petit bout de notre pr\u00e9paration IronMan 140.6 qui l&rsquo;air de rien occupe bien nos journ\u00e9es et nos semaines. Nous avons eu la chance gr\u00e2ce \u00e0 mon ami Fabien Colin de r\u00e9aliser une petite vid\u00e9o pour vous donner envie de vous lancer dans la folle et belle aventure qu&rsquo;est le Triathlon. Je reviens tr\u00e8s vite vous \u00e9crire un article au sujet de mes d\u00e9but en Triathlon et tout ce qui pourrait vous int\u00e9resser mais en attendant je vous laisse plonger dans notre folle Passion ! certaines personnes confondent la passion et la folie ! Laissez moi juste vous dire que je suis follement passionn\u00e9e<\/p>\n","protected":false},"author":1,"featured_media":32,"comment_status":"open","ping_status":"open","sticky":false,"template":"","format":"standard","meta":[],"categories":[4,10,16],"tags":[19,18,5,6,17],"_links":{"self":[{"href":"https:\/\/severinedacosta.com\/index.php\/wp-json\/wp\/v2\/posts\/153"}],"collection":[{"href":"https:\/\/severinedacosta.com\/index.php\/wp-json\/wp\/v2\/posts"}],"about":[{"href":"https:\/\/severinedacosta.com\/index.php\/wp-json\/wp\/v2\/types\/post"}],"author":[{"embeddable":true,"href":"https:\/\/severinedacosta.com\/index.php\/wp-json\/wp\/v2\/users\/1"}],"replies":[{"embeddable":true,"href":"https:\/\/severinedacosta.com\/index.php\/wp-json\/wp\/v2\/comments?post=153"}],"version-history":[{"count":7,"href":"https:\/\/severinedacosta.com\/index.php\/wp-json\/wp\/v2\/posts\/153\/revisions"}],"predecessor-version":[{"id":337,"href":"https:\/\/severinedacosta.com\/index.php\/wp-json\/wp\/v2\/posts\/153\/revisions\/337"}],"wp:featuredmedia":[{"embeddable":true,"href":"https:\/\/severinedacosta.com\/index.php\/wp-json\/wp\/v2\/media\/32"}],"wp:attachment":[{"href":"https:\/\/severinedacosta.com\/index.php\/wp-json\/wp\/v2\/media?parent=153"}],"wp:term":[{"taxonomy":"category","embeddable":true,"href":"https:\/\/severinedacosta.com\/index.php\/wp-json\/wp\/v2\/categories?post=153"},{"taxonomy":"post_tag","embeddable":true,"href":"https:\/\/severinedacosta.com\/index.php\/wp-json\/wp\/v2\/tags?post=153"}],"curies":[{"name":"wp","href":"https:\/\/api.w.org\/{rel}","templated":true}]}}