{"id":704,"date":"2019-07-18T18:15:29","date_gmt":"2019-07-18T16:15:29","guid":{"rendered":"https:\/\/severinedacosta.com\/?p=704"},"modified":"2019-07-21T19:31:03","modified_gmt":"2019-07-21T17:31:03","slug":"cr-ironman-vitoria-gasteiz","status":"publish","type":"post","link":"https:\/\/severinedacosta.com\/index.php\/2019\/07\/18\/cr-ironman-vitoria-gasteiz\/","title":{"rendered":"CR Ironman Vitoria-Gasteiz."},"content":{"rendered":"<p><img decoding=\"async\" loading=\"lazy\" src=\"https:\/\/severinedacosta.com\/wp-content\/uploads\/2019\/07\/img_4247.jpg\" class=\"aligncenter size-full wp-image-698\" width=\"4032\" height=\"3024\" srcset=\"https:\/\/severinedacosta.com\/wp-content\/uploads\/2019\/07\/img_4247.jpg 4032w, https:\/\/severinedacosta.com\/wp-content\/uploads\/2019\/07\/img_4247-300x225.jpg 300w, https:\/\/severinedacosta.com\/wp-content\/uploads\/2019\/07\/img_4247-768x576.jpg 768w, https:\/\/severinedacosta.com\/wp-content\/uploads\/2019\/07\/img_4247-1024x768.jpg 1024w, https:\/\/severinedacosta.com\/wp-content\/uploads\/2019\/07\/img_4247-1140x855.jpg 1140w\" sizes=\"(max-width: 4032px) 100vw, 4032px\" \/><\/p>\n<p>Il est 5h du mat le r\u00e9veil sonne \u00e7a ne fait qu\u2019un tour dans ma t\u00eate limite une crise cardiaque, je sais qu\u2019il est temps d\u2019y aller. Jusqu\u2019\u00e0 maintenant je ne stressais pas vraiment mais ce r\u00e9veil me remets tout de suite en place.<\/p>\n<p>C\u2019est aujourd\u2019hui cocotte \ud83d\ude31\ud83d\udca5.<\/p>\n<p>Place au petit dej\u2019 comme d\u2019hab\u2019 pas grand-chose ne rentre \u00e0 cette heure l\u00e0 dans mon Bidou, je me force un peu, beaucoup, passionn\u00e9ment, \u00e0 la folie&#8230; \u00e9videmment il faut que \u00e7a rentre j\u2019en ai pour 12 heures d\u2019efforts\u2026<\/p>\n<p>6h30 d\u00e9part pour le bus \ud83d\ude8c qui nous m\u00e8nera jusqu\u2019au lac qui se trouve \u00e0 20 km du centre de Victoria.<\/p>\n<p>Arriv\u00e9e au lac petit passage dans le parc \u00e0 v\u00e9lo \ud83d\udeb2 pour v\u00e9rifier les derniers r\u00e9glages \u2699\ufe0f de mon <a href=\"https:\/\/www.merida-bikes.fr\">M\u00e9rida bike<\/a>, mais aussi pour prendre soin de regonfler mes pneus.<\/p>\n<p>Je sors du parc, ma famille et l\u00e0 il me font du bien, je m\u2019assoies tranquillement dans l\u2019herbe discute quelques instants avec eux, leur expliquer 2-3 petites r\u00e8gles suppl\u00e9mentaires pour qu\u2019ils passent eux aussi une bonne journ\u00e9e.<\/p>\n<p>J\u2019enfile ma combinaison <a href=\"https:\/\/coltingwetsuits.com\">Colting<\/a> (merci pour la confiance) , prends le temps de mettre une \u00e9norme couche de vaseline pour \u00e9viter de me br\u00fbler le cou&#8230;<\/p>\n<p><img decoding=\"async\" loading=\"lazy\" src=\"https:\/\/severinedacosta.com\/wp-content\/uploads\/2019\/07\/img_4405.jpg\" class=\"aligncenter size-full wp-image-697\" width=\"4032\" height=\"3024\" srcset=\"https:\/\/severinedacosta.com\/wp-content\/uploads\/2019\/07\/img_4405.jpg 4032w, https:\/\/severinedacosta.com\/wp-content\/uploads\/2019\/07\/img_4405-300x225.jpg 300w, https:\/\/severinedacosta.com\/wp-content\/uploads\/2019\/07\/img_4405-768x576.jpg 768w, https:\/\/severinedacosta.com\/wp-content\/uploads\/2019\/07\/img_4405-1024x768.jpg 1024w, https:\/\/severinedacosta.com\/wp-content\/uploads\/2019\/07\/img_4405-1140x855.jpg 1140w\" sizes=\"(max-width: 4032px) 100vw, 4032px\" \/><\/p>\n<p>Un dernier bisou \ud83d\ude18 \u00e0 chacun d\u2019eux, Un sourire et je pars me positionner dans mon sas.<\/p>\n<h1><strong><em><u>1\/4 Partie Swim<\/u><\/em><\/strong><\/h1>\n<p>Je suis encore en train de me demander \u00e0 ce moment-l\u00e0 si je choisirai le sas 1h15 ou le sas 1h20.<\/p>\n<p>L\u2019an dernier sur mon premier ironman j\u2019avais mis 1h34 \ud83d\ude48 20 min de plus que ce que j\u2019avais imagin\u00e9 en prenant le d\u00e9part, alors aujourd\u2019hui je me question et je ne veux pas me surestimer&#8230; puis d\u2019un coup je me rend compte que je suis plut\u00f4t entrain de me sous-estimer pour le coup \ud83d\ude06&#8230; alors je d\u00e9cide de prendre le sas 1h15 !<\/p>\n<p>Il y a d\u00e9j\u00e0 une ambiance de folie dans les sas, on voit de tout, des gens stress\u00e9s, des gens qui paraissent sereins, des gens seuls, d\u2019autres en groupes d\u2019amis, on voit des larmes \ud83d\ude22 oui, je fais parti de ses gens l\u00e0 qui lache une petite larme avant le d\u00e9part en me rem\u00e9morant ce que signifie un Ironman&#8230; ce r\u00eave ultime que je ne pensais jamais atteindre un jour.<\/p>\n<p>Le temps que tout le monde se mette en place je revis clairement ma course de l\u2019an dernier \u00e0 Vichy et je suis toute \u00e9mue&#8230;<\/p>\n<p>Des musiques \ud83c\udfbc telles que \u00ab&nbsp;c\u2019est la vie&nbsp;\u00bb de Khaled mettent les espagnols en folie \ud83d\udd25\ud83d\udd25\ud83d\udd25 j\u2019adore, je retrouve le sourire et je chante avec eux \ud83c\udfb6\ud83c\udfb5 !<\/p>\n<p>Il est bient\u00f4t l\u2019heure de prendre le d\u00e9part, J\u2019entends le bip qui se rapproche, je ne stresse plus je suis bien, je sais que je dois faire le job.<\/p>\n<p>Bip bip bip biiiiiip, voil\u00e0 je m\u2019\u00e9lance! C\u2019est bizarre mais je n\u2019ai pas peur.<\/p>\n<p>Rapidement je me mets \u00e0 mon allure sans trop penser au reste, je ne r\u00e9fl\u00e9chis pas trop je sais qu\u2019il faut nager tout droit pendant 1500m jusqu\u2019\u00e0 la prochaine bou\u00e9e rouge \ud83d\udd34, je pensais me faire passer dessus comme \u00e0 vichy mais non, je suis dans le Mouv\u2019 j\u2019avance au m\u00eame rythme que ce petit groupe et je me sens bien \ud83e\udd70\ud83d\ude48.<\/p>\n<p>Ma montre fais un Lap tous les 500m un coup d\u2019\u0153il je suis en 8\u2019 quelque chose au 500m \ud83d\ude31\ud83e\udd70\ud83d\ude48 trop bien je suis bien.<\/p>\n<p>Je prends quelques coups lors des virages, un \u00e9norme coup sur l\u2019arcade qui me fait remplir mes lunettes d\u2019eau \ud83e\udd7a\ud83d\ude29, mais apr\u00e8s quelques tasses bues, je me fais moi aussi ma place.<\/p>\n<p>\u00c0 partir de 2000m je ne sens plus la montre vibrer pour me signaler le Lap annon\u00e7ant 500m de plus. \ud83e\udd14 bizarre soit je fais du surplace, soit la montre bug \ud83d\ude44.<\/p>\n<p>Je vois enfin l\u2019arriv\u00e9e au loin, un dernier coup d\u2019\u0153il \u00e0 la montre elle est toujours bloqu\u00e9e sur 2067m mais elle annonce 1h06&#8230; \ud83e\udd70 g\u00e9nial \u00e7a veut dire que je suis bien \u270c\ud83c\udffb&#8230;<\/p>\n<p>je sors de l\u2019eau apr\u00e8s avoir pris encore quelques coups par ces sauvages \ud83d\ude02 qui veulent la m\u00eame chose que moi sortir de ce lac et enfourcher leur v\u00e9lo \ud83d\udeb2 !<\/p>\n<p>Je sors en 1\ufe0f\u20e3h1\ufe0f\u20e36\ufe0f\u20e3 \ud83d\ude0d le temps esp\u00e9r\u00e9 ! Je suis ravie, ma famille est l\u00e0 sur le bord, ils sont \u00e0 fond, ils hurlent mon nom, je tape dans chacune des mains, \u00e7a me fait un bien de dingue.<\/p>\n<p><img decoding=\"async\" loading=\"lazy\" src=\"https:\/\/severinedacosta.com\/wp-content\/uploads\/2019\/07\/1f6964c4-ac17-4132-abff-d8308c210975.jpg\" class=\"aligncenter size-full wp-image-699\" width=\"1888\" height=\"2696\" srcset=\"https:\/\/severinedacosta.com\/wp-content\/uploads\/2019\/07\/1f6964c4-ac17-4132-abff-d8308c210975.jpg 1888w, https:\/\/severinedacosta.com\/wp-content\/uploads\/2019\/07\/1f6964c4-ac17-4132-abff-d8308c210975-210x300.jpg 210w, https:\/\/severinedacosta.com\/wp-content\/uploads\/2019\/07\/1f6964c4-ac17-4132-abff-d8308c210975-768x1097.jpg 768w, https:\/\/severinedacosta.com\/wp-content\/uploads\/2019\/07\/1f6964c4-ac17-4132-abff-d8308c210975-717x1024.jpg 717w, https:\/\/severinedacosta.com\/wp-content\/uploads\/2019\/07\/1f6964c4-ac17-4132-abff-d8308c210975-1140x1628.jpg 1140w\" sizes=\"(max-width: 1888px) 100vw, 1888px\" \/><\/p>\n<p>J\u2019enl\u00e8ve ma combi et place mon casque sur la t\u00eate avant de partir comme une fus\u00e9e r\u00e9cup\u00e9rer mon v\u00e9lo! Le speaker parle de moi \ud83e\udd29, SEVERINE from France \ud83c\uddeb\ud83c\uddf7 &#8230; j\u2019entame la mont\u00e9e sur le tapis rouge pour sortir du parc et ma famille Est de nouveau l\u00e0 \ud83e\udd73\ud83e\udd29&#8230; j\u2019adore tout est parfait jusqu\u2019\u00e0 maintenant.<\/p>\n<h1><strong><em><u>2\/4 Partie Bike<\/u><\/em><\/strong><\/h1>\n<p>Je r\u00e9cup\u00e8re Bike \ud83d\udeb4\ud83c\udffb\u200d\u2640\ufe0f et me voil\u00e0 tout sourire en voyant ma famille qui donne de nouveau de la voix \ud83d\udce2. Je monte sur mon <a href=\"https:\/\/www.merida-bikes.fr\">M\u00e9rida bike<\/a> et je sais que cette partie s\u2019annonce longue.<\/p>\n<p><a class=\"wp-embedded-video\" href=\"https:\/\/severinedacosta.com\/wp-content\/uploads\/2019\/07\/img_4426.mov\">https:\/\/severinedacosta.com\/wp-content\/uploads\/2019\/07\/img_4426.mov<\/a><img decoding=\"async\" loading=\"lazy\" src=\"https:\/\/severinedacosta.com\/wp-content\/uploads\/2019\/07\/img_2607.jpg\" class=\"aligncenter size-full wp-image-709\" width=\"3264\" height=\"2448\" srcset=\"https:\/\/severinedacosta.com\/wp-content\/uploads\/2019\/07\/img_2607.jpg 3264w, https:\/\/severinedacosta.com\/wp-content\/uploads\/2019\/07\/img_2607-300x225.jpg 300w, https:\/\/severinedacosta.com\/wp-content\/uploads\/2019\/07\/img_2607-768x576.jpg 768w, https:\/\/severinedacosta.com\/wp-content\/uploads\/2019\/07\/img_2607-1024x768.jpg 1024w, https:\/\/severinedacosta.com\/wp-content\/uploads\/2019\/07\/img_2607-1140x855.jpg 1140w\" sizes=\"(max-width: 3264px) 100vw, 3264px\" \/><\/p>\n<p>2\ufe0f\u20e3 tours de 73 km + 1\ufe0f\u20e3 tour de 34 km soit 1\ufe0f\u20e38\ufe0f\u20e30\ufe0f\u20e3km m\u2019attendent !!<\/p>\n<p>Je pars en \u00e9tant hyper bien, en super confiance, les jambes r\u00e9pondent tr\u00e8s bien et la t\u00eate y est. J\u2019ai r\u00e9ellement envie de me d\u00e9passer sur cette partie qui est ma pr\u00e9f\u00e9r\u00e9e.<\/p>\n<p>Depuis le d\u00e9but de la saison j\u2019ai clairement r\u00e9ussi \u00e0 me d\u00e9marquer sur la partie v\u00e9lo de chacun de mes triathlons, ceci dit \u26a0\ufe0f attention \u26a0\ufe0f un Ironman c\u2019est long, il faut arriver \u00e0 ne pas \u00ab&nbsp;TROP&nbsp;\u00bb en faire et \u00e0 la fois en mettre \u00ab&nbsp;SUFFISAMMENT&nbsp;\u00bb pour \u00eatre des les clous&#8230; c\u2019est l\u00e0 qu\u2019est toute la difficult\u00e9 de cette distance !<\/p>\n<p>La premi\u00e8re heure tout se passe parfaitement bien, je suis \u00e0 35 km\/h de moyenne, je me sens bien, mise \u00e0 part ce cou qui commence d\u00e9j\u00e0 \u00e0 me tirer.<\/p>\n<p><em>[ \u2014&gt; Je ne vous parle pas de tout, ou plut\u00f4t je n\u2019ai pas voulu me plaindre la semaine de mon ironman il m\u2019est arriv\u00e9 de sacr\u00e9es bricoles (infection urinaire +++, torticolis, br\u00fblure dans le cou, d\u00e9but de mes r\u00e8gles 2 jours avant le d\u00e9part <\/em>\u270c\ud83c\udffb<em>) mais je pense qu\u2019il est important de noter \u00e7a pour toutes ces filles qui auront peut \u00eatre le m\u00eame probl\u00e8me que moi \u00e0 quelques jours de l\u2019objectif ! ]<\/em><\/p>\n<p>Bref ce mal au cou ne m\u2019a absolument pas g\u00ean\u00e9 sur la partie natation alors je me pensais d\u00e9barrass\u00e9 de celui-ci&#8230; mais en fait non, sur le v\u00e9lo le cou me tire assez rapidement et je garde cette douleur du km 3\ufe0f\u20e30\ufe0f\u20e3 au km 1\ufe0f\u20e38\ufe0f\u20e30\ufe0f\u20e3 \u00e0 chaque fois que je suis sur les prolongateurs ( presque tout du long) !<\/p>\n<p><img decoding=\"async\" loading=\"lazy\" src=\"https:\/\/severinedacosta.com\/wp-content\/uploads\/2019\/07\/bb527c4a-395f-429d-a24f-8255ad914286.jpg\" class=\"aligncenter size-full wp-image-712\" width=\"3200\" height=\"2132\" srcset=\"https:\/\/severinedacosta.com\/wp-content\/uploads\/2019\/07\/bb527c4a-395f-429d-a24f-8255ad914286.jpg 3200w, https:\/\/severinedacosta.com\/wp-content\/uploads\/2019\/07\/bb527c4a-395f-429d-a24f-8255ad914286-300x200.jpg 300w, https:\/\/severinedacosta.com\/wp-content\/uploads\/2019\/07\/bb527c4a-395f-429d-a24f-8255ad914286-768x512.jpg 768w, https:\/\/severinedacosta.com\/wp-content\/uploads\/2019\/07\/bb527c4a-395f-429d-a24f-8255ad914286-1024x682.jpg 1024w, https:\/\/severinedacosta.com\/wp-content\/uploads\/2019\/07\/bb527c4a-395f-429d-a24f-8255ad914286-1140x760.jpg 1140w\" sizes=\"(max-width: 3200px) 100vw, 3200px\" \/><\/p>\n<p>La premi\u00e8re partie du bike me plait vraiment jusqu\u2019au km 3\ufe0f\u20e35\ufe0f\u20e3 c\u2019est vallonn\u00e9 j\u2019adore ce genre de parcours, un peu casse pattes mais j\u2019aime beaucoup&#8230; puis les 20 km qui suivent sont tout autre chose, plat, paysage pas si plaisant contrairement au d\u00e9but du parcours, routes aux gros grains, j\u2019aime Beaucoup moins et je m\u2019ennuie, \u00ab\u00a0ce n\u2019est que le premier tour S\u00e9verine fais un effort bordel\u00a0\u00bb.<\/p>\n<p>On arrive enfin au km 6\ufe0f\u20e31\ufe0f\u20e3 une grosse ambiance en ville, tous les espagnols sont sur le bord de la route, ils sont \u00e0 fond et nous encouragent \u00e0 s\u2019arracher les cordes vocales c\u2019est impressionnant !<\/p>\n<p>On enchaine ensuite en solo (sans public) sur un faux plat montant pas super excitant&#8230;<\/p>\n<p>Km 7\ufe0f\u20e30\ufe0f\u20e3 on arrive enfin sur une partie moins roulante avec de belles c\u00f4tes et bizarrement je me sens hyper bien, du monde sur les c\u00f4t\u00e9s, j\u2019\u00e9change un Max de sourires, de Gracias, etc&#8230; les gens sont vraiment adorables.<\/p>\n<p><img decoding=\"async\" loading=\"lazy\" src=\"https:\/\/severinedacosta.com\/wp-content\/uploads\/2019\/07\/img_4758.jpg\" class=\"aligncenter size-full wp-image-711\" width=\"2133\" height=\"3200\" srcset=\"https:\/\/severinedacosta.com\/wp-content\/uploads\/2019\/07\/img_4758.jpg 2133w, https:\/\/severinedacosta.com\/wp-content\/uploads\/2019\/07\/img_4758-200x300.jpg 200w, https:\/\/severinedacosta.com\/wp-content\/uploads\/2019\/07\/img_4758-768x1152.jpg 768w, https:\/\/severinedacosta.com\/wp-content\/uploads\/2019\/07\/img_4758-683x1024.jpg 683w, https:\/\/severinedacosta.com\/wp-content\/uploads\/2019\/07\/img_4758-1140x1710.jpg 1140w\" sizes=\"(max-width: 2133px) 100vw, 2133px\" \/><\/p>\n<p>Mais surtout ce qui me fait avancer, c\u2019est que j\u2019ai conscience que j\u2019arrive au niveau de ma famille qui sont rest\u00e9 au lac comme convenu et que je vais pouvoir me revigorer de part leurs encouragements et leurs sourires \ud83e\udd73 .<\/p>\n<p>1\ufe0f\u20e3 tour \u2714\ufe0f 33,5km\/h de moyenne \ud83e\udd29 g\u00e9nial \u00e7a ! Je suis hyper fi\u00e8re de moi !<\/p>\n<p>J\u2019arrive au km 7\ufe0f\u20e34\ufe0f\u20e3 et je ne vois toujours personne, la c\u2019est un v\u00e9ritable coup dur pour moi, je d\u00e9pense de l\u2019\u00e9nergie en r\u00e2lant apr\u00e8s moi&#8230; \u00ab\u00a0j\u2019ai du mal leurs expliquer, ils n\u2019ont pas compris que j\u2019aurais aim\u00e9 qu\u2019ils soient l\u00e0 pour mon premier tour, c\u2019est dingue qu\u2019ils ne soient pas rest\u00e9, bordel j\u2019esp\u00e8re qu\u2019ils seront au km 1\ufe0f\u20e33\ufe0f\u20e30\ufe0f\u20e3 en ville ou j\u2019avais dit en deuxi\u00e8me temps&#8230;\u00a0\u00bb<\/p>\n<p>J\u2019essaie de me concentrer sur ma course, mais je dois avouer que je commence \u00e0 bien souffrir et physiquement et psychologiquement !<\/p>\n<p>Je bois\ud83d\udca7et m\u2019alimente \ud83c\udf6b au millim\u00e8tre je ne veux pas flancher sur ce coup l\u00e0, les gels <a href=\"https:\/\/guenergy.com\">Gu Energy<\/a> s\u2019encha\u00eenent toutes les 45 min depuis le d\u00e9but et quand j\u2019ai envie de manger du \u00ab\u00a0dur\u00a0\u00bb je prends un peu d&rsquo;une de mes 2 barres CliffBar qui m\u2019accompagnent.<\/p>\n<p>Ce deuxi\u00e8me tour me semble d\u00e9j\u00e0 beaucoup plus difficile, pas \u00e9tonnant, un vent \ud83d\udca8 sympathique est venu se rajouter \u00e0 la partie et souffle \u00e0 plus de 40km\/h par rafales.<\/p>\n<p>Mes triceps (bras) commencent \u00e0 chauffer, tenir son bike de toutes ses forces pour \u00e9viter la chute demande pas mal d\u2019\u00e9nergie, \u00e9nergie que je sens vite partir dans les choux avec ce vent !<\/p>\n<p>J\u2019arrive de nouveau sur la partie que j\u2019aime le moins, le plat face au vent \ud83d\udca8 , \u00e7a m\u2019agace\ud83d\ude24, je souffre \ud83d\ude16\ud83d\ude2b, je ne cesse de voir mon chrono qui baisse ma moyenne totale, je n\u2019y arrive pas, je n\u2019ai plus la force, \u00e7a ne m\u2019arrive jamais ou presque jamais, mais l\u00e0 je pense r\u00e9ellement \u00e0 l\u2019abandon. Je n\u2019arr\u00eate pas de me dire : \u00ab&nbsp;mais pourquoi te faire autant de mal ? Tu n\u2019as pas \u00e9t\u00e9 assez mal trait\u00e9 comme \u00e7a ? Tu t\u2019infliges des trucs horribles comme il te faisait vivre&#8230;?&nbsp;\u00bb\ud83e\udd7a.<\/p>\n<p>Je crampe sur le vaste interne de mon quadriceps en sentant bien que celle-ci \u00e9tait bien l\u00e0 et qu\u2019elle ne me l\u00e2cherai pas tout de suite. Je prends alors l\u2019initiative de me mouiller les jambes avec l\u2019eau fra\u00eeche que je viens de prendre au ravito&#8230;<\/p>\n<p>Cette crampe reviendra plusieurs fois durant ma course, une premi\u00e8re pour moi de cramper \u00e0 cet endroit l\u00e0 !<\/p>\n<p>Bref \u00e7a fuse dans ma t\u00eate, \u00e7a n\u2019arr\u00eate pas.<\/p>\n<p>Au km1\ufe0f\u20e33\ufe0f\u20e30\ufe0f\u20e3 j\u2019arrive de nouveau en ville et j\u2019ose imaginer qu\u2019ils seront l\u00e0, j\u2019ai besoin de \u00e7a !! \ud83d\ude4f\ud83c\udffb\ud83d\ude4f\ud83c\udffb Svp svp soyez l\u00e0, j\u2019ai besoin de vous, vraiment besoin de vous&#8230;<\/p>\n<p>Je traverse l\u2019ensemble de la ville acclam\u00e9e de nouveau par \u00e9norm\u00e9ment de personnes, MAIS ma famille n\u2019est pas l\u00e0 \ud83d\ude22.<\/p>\n<p><img decoding=\"async\" loading=\"lazy\" src=\"https:\/\/severinedacosta.com\/wp-content\/uploads\/2019\/07\/img_4793.jpg\" class=\"aligncenter size-full wp-image-713\" width=\"2133\" height=\"3200\" srcset=\"https:\/\/severinedacosta.com\/wp-content\/uploads\/2019\/07\/img_4793.jpg 2133w, https:\/\/severinedacosta.com\/wp-content\/uploads\/2019\/07\/img_4793-200x300.jpg 200w, https:\/\/severinedacosta.com\/wp-content\/uploads\/2019\/07\/img_4793-768x1152.jpg 768w, https:\/\/severinedacosta.com\/wp-content\/uploads\/2019\/07\/img_4793-683x1024.jpg 683w, https:\/\/severinedacosta.com\/wp-content\/uploads\/2019\/07\/img_4793-1140x1710.jpg 1140w\" sizes=\"(max-width: 2133px) 100vw, 2133px\" \/><\/p>\n<p>Je sors de la ville et me retape ce faux plat montant interminable, je souffre et je pleure \ud83d\ude2d quelques minutes.<\/p>\n<p>Je me reprends rapidement en me disant que maintenant que je suis au km 1\ufe0f\u20e33\ufe0f\u20e30\ufe0f\u20e3, je ne peux pas abandonner, que la vie est remplie de moments difficiles, qu\u2019elle ne m\u2019a d\u00e9j\u00e0 pas fait beaucoup de cadeaux et qu\u2019aujourd\u2019hui j\u2019ai la chance de pouvoir faire ce sport que j\u2019aime tant et qui me passionne !<\/p>\n<p>Je repense \u00e0 pourquoi je suis l\u00e0, \u00e0 ce que j\u2019ai d\u00e9j\u00e0 parcouru et ce qu\u2019il me reste \u00e0 faire (\u00e9videmment dans ce cas l\u00e0, je ne pense absolument pas au marathon, je comptabilise uniquement les km restant en v\u00e9lo, le marathon on verra \u00e7a en posant le bike).<\/p>\n<p>Je suis contente au Km 1\ufe0f\u20e34\ufe0f\u20e30\ufe0f\u20e3 de trouver ces cotes qui longent le lac, il y a un peu moins de monde pour nous encourager mais les gens sont tellement gentils que je retrouve le sourire malgr\u00e9 la douleur.<\/p>\n<p>Je sais qu\u2019une fois en haut au km 1\ufe0f\u20e34\ufe0f\u20e36\ufe0f\u20e3 il ne me restera que 3\ufe0f\u20e34\ufe0f\u20e3 km pour aller d\u00e9poser mon v\u00e9lo \u00e0 la T2\ufe0f\u20e3 et je sais surtout que c\u2019est un petit bout de parcours que je n\u2019ai pas reconnu, \u00e7a me fera une petite distraction de plus pour oublier ma souffrance actuelle.<\/p>\n<p>Ce fut effectivement le cas, une belle c\u00f4te nous attendait sur cette portion, finalement elle passe bien, les cuisses sont un peu raides mais \u00e7a passe.<\/p>\n<p><img decoding=\"async\" loading=\"lazy\" src=\"https:\/\/severinedacosta.com\/wp-content\/uploads\/2019\/07\/img_4738.jpg\" class=\"aligncenter size-full wp-image-718\" width=\"2133\" height=\"3200\" srcset=\"https:\/\/severinedacosta.com\/wp-content\/uploads\/2019\/07\/img_4738.jpg 2133w, https:\/\/severinedacosta.com\/wp-content\/uploads\/2019\/07\/img_4738-200x300.jpg 200w, https:\/\/severinedacosta.com\/wp-content\/uploads\/2019\/07\/img_4738-768x1152.jpg 768w, https:\/\/severinedacosta.com\/wp-content\/uploads\/2019\/07\/img_4738-683x1024.jpg 683w, https:\/\/severinedacosta.com\/wp-content\/uploads\/2019\/07\/img_4738-1140x1710.jpg 1140w\" sizes=\"(max-width: 2133px) 100vw, 2133px\" \/><\/p>\n<p>Je continue de nouveau sur le plat, sur la portion que je d\u00e9teste que l\u2019on emprunte pour la 3\ufe0f\u20e3e et derni\u00e8re fois, je crampe exactement au m\u00eame endroit que sur le tour pr\u00e9c\u00e9dent, m\u00eame m\u00e9thode un peu d\u2019eau fra\u00eeche semble me faire passer la crampe.<\/p>\n<p><img decoding=\"async\" loading=\"lazy\" src=\"https:\/\/severinedacosta.com\/wp-content\/uploads\/2019\/07\/img_4739.jpg\" class=\"aligncenter size-full wp-image-719\" width=\"3200\" height=\"2133\" srcset=\"https:\/\/severinedacosta.com\/wp-content\/uploads\/2019\/07\/img_4739.jpg 3200w, https:\/\/severinedacosta.com\/wp-content\/uploads\/2019\/07\/img_4739-300x200.jpg 300w, https:\/\/severinedacosta.com\/wp-content\/uploads\/2019\/07\/img_4739-768x512.jpg 768w, https:\/\/severinedacosta.com\/wp-content\/uploads\/2019\/07\/img_4739-1024x683.jpg 1024w, https:\/\/severinedacosta.com\/wp-content\/uploads\/2019\/07\/img_4739-1140x760.jpg 1140w\" sizes=\"(max-width: 3200px) 100vw, 3200px\" \/><\/p>\n<p>Je suis au km 1\ufe0f\u20e37\ufe0f\u20e35\ufe0f\u20e3 il reste 5 km je rel\u00e2che, je mouline \u00e0 bloc et je m\u2019accroche, je finis m\u00eame par \u00eatre fi\u00e8re de moi, m\u00eame si effectivement ma vitesse a chut\u00e9 \u00e0 32,5km\/h de moyenne je suis assez fi\u00e8re d\u2019avoir \u00e9t\u00e9 capable d\u2019aller contre cette envie extr\u00eamement forte d\u2019abandon.<\/p>\n<p>J\u2019arrive dans le centre de \ud83c\uddea\ud83c\uddf8 Vitoria-Gasteiz, l\u2019ambiance est folle, je vois la ligne sors mes pieds des chaussures et descends du v\u00e9lo juste avant la ligne. Des enfants \ud83d\udc67\ud83c\udffb\ud83e\uddd2\ud83c\udffb sont l\u00e0, il me prennent le bike et sur le coup je ne comprends pas, je crois que je ne suis plus tr\u00e8s Lucide \u00e0 mon arriv\u00e9e et je n\u2019ai pas l\u2019habitude que l\u2019on r\u00e9cup\u00e8re mon bike sans que j\u2019aille le d\u00e9poser moi m\u00eame.<\/p>\n<p>Je reprends mes esprits, leur sourit et leur<\/p>\n<p>laisse mon bike avec un immense bonheur.<\/p>\n<p>2\ufe0f\u20e30\ufe0f\u20e30\ufe0f\u20e3m s\u00e9pare cette ligne de la T2\ufe0f\u20e3 , j\u2019ai l\u2019impression que l\u2019on est dans un film, je n\u2019ai jamais vu une ambiance comme celle-ci \ud83d\ude48\ud83e\udd2a\ud83d\udd25, les b\u00e9n\u00e9voles sont \u00e0 fond, me tape dans les mains, hurlent, le public est en folie vraiment !<\/p>\n<p>J\u2019aper\u00e7ois mon P\u00e8re, grand sourire \ud83d\ude03, je vois qu\u2019il est hyper fier (j\u2019apprendrai plus tard qu\u2019il aura attendu 2h en plein soleil pour pouvoir avoir cette place et pouvoir m\u2019encourager d\u00e8s la d\u00e9pose du v\u00e9lo \ud83e\udd70), j\u2019entends ma famille plus loin qui hurle \u00e0 leur tour, ma m\u00e8re a la voix tremblante \ud83d\ude18 c\u2019est incroyable ce que je suis en train de vivre, je vole, je n\u2019ai plus mal, je suis comme dans un r\u00eave \u263a\ufe0f.<\/p>\n<p><img decoding=\"async\" loading=\"lazy\" src=\"https:\/\/severinedacosta.com\/wp-content\/uploads\/2019\/07\/img_2616.jpg\" class=\"aligncenter size-full wp-image-714\" width=\"3264\" height=\"2448\" srcset=\"https:\/\/severinedacosta.com\/wp-content\/uploads\/2019\/07\/img_2616.jpg 3264w, https:\/\/severinedacosta.com\/wp-content\/uploads\/2019\/07\/img_2616-300x225.jpg 300w, https:\/\/severinedacosta.com\/wp-content\/uploads\/2019\/07\/img_2616-768x576.jpg 768w, https:\/\/severinedacosta.com\/wp-content\/uploads\/2019\/07\/img_2616-1024x768.jpg 1024w, https:\/\/severinedacosta.com\/wp-content\/uploads\/2019\/07\/img_2616-1140x855.jpg 1140w\" sizes=\"(max-width: 3264px) 100vw, 3264px\" \/><\/p>\n<p>J\u2019entre enfin dans la T2\ufe0f\u20e3 et je me remets \u00e0 fond dedans \u00ab&nbsp;reste lucide Sev, cherche ton sac et enfile moi tout \u00e7a, n\u2019oublie rien surtout&nbsp;\u00bb.<\/p>\n<p>Tout en enfilant mes manchons de compression, puis mes chaussures j\u2019entends la voix de ma m\u00e8re \u00ab&nbsp;Allez ma Sev, tu es la meilleure, une vraie championne, c\u2019est super ce que tu fais&nbsp;\u00bb je ne la vois pas, mais je souris, je me dit qu\u2019elle est \u00e0 bloc, que je l\u2019aime et que je ne la remercierai jamais assez pour tout ce qu\u2019elle a fait pour moi.<\/p>\n<p>J\u2019entends \u00e0 pr\u00e9sent mon fr\u00e8re et mon beau p\u00e8re qui hurlent que je vais sortir sans tarder de la transition.<\/p>\n<a class=\"wp-embedded-video\" href=\"https:\/\/severinedacosta.com\/wp-content\/uploads\/2019\/07\/img_4431.mov\">https:\/\/severinedacosta.com\/wp-content\/uploads\/2019\/07\/img_4431.mov<\/a>\n<p>Je pose le sac et je repars, dossard en avant et je les vois enfin, grand sourire \ud83d\ude03 qu\u2019ils me renvoient tous, une tape dans chaque main \ud83d\udd90\ud83c\udffb et je cours vers les toilettes pour y faire le premier pipi de la comp\u00e9tion ( j\u2019avais fais pipi dans ma combi aussi mais chut \ud83e\udd2b \ud83e\udd2a) .<\/p>\n<p>Je cours vers la sortie de la T2\ufe0f\u20e3 et la&#8230;. ce qui va suivre est juste magique !<\/p>\n<h1><strong><u><em>3\/3 Course \u00e0 pied <\/em>\ud83c\udfc3\ud83c\udffb\u200d\u2640\ufe0f<\/u><\/strong><\/h1>\n<p>Je sors de la T2\ufe0f\u20e3 avec un Smile \u00e0 m\u2019en d\u00e9crocher la m\u00e2choire, je suis dans un r\u00eave les gars, il y a une foule en d\u00e9lire, je ne sens plus rien du tout, je vole c\u2019est clair, c\u2019est net, je suis de nouveau heureuse et requinqu\u00e9e comme si je n\u2019avais rien fait&#8230;<\/p>\n<p>Les gens sont l\u00e0 par milliers, les uns sur les autres, ils hurlent \u00ab&nbsp;campe\u00f3na, m\u00e1quina, que guapa &#8230; animo \ud83d\udd25&nbsp;\u00bb !! Je n\u2019ai jamais vu \u00e7a ! Il y a une telle ferveur, on se croirait dans un film je vous jure.<\/p>\n<p>Les espagnols sont de tr\u00e8s grands spectateurs qui savent vous requinquer en l\u2019espace de 5 min !<\/p>\n<p>Je longe pour la premi\u00e8re fois la ligne d\u2019arriv\u00e9e \ud83c\udfc1 mais je m\u2019interdit de regarder l\u2019arche, tu la regardera quand tu seras au premier tour, puis au second etc Etc&#8230; avant \u00e7a tu as 1\ufe0f\u20e30\ufe0f\u20e3 bornes \u00e0 faire !<\/p>\n<p>J\u2019avance au milieu de cette foule qui me touche, me sourit, m\u2019acclame, je pars vite, beaucoup trop vite sans regarder ma montre \u231a\ufe0f puis je traverse cette rue \u00e9troite o\u00f9 les gens sont de chaque c\u00f4t\u00e9 a applaudir \u00e0 10cm de moi, ces gens que je ne connais pas et qui m\u2019encourage comme si j\u2019\u00e9tais une championne \ud83d\ude48.<\/p>\n<p><img decoding=\"async\" loading=\"lazy\" src=\"https:\/\/severinedacosta.com\/wp-content\/uploads\/2019\/07\/img_4748.jpg\" class=\"aligncenter size-full wp-image-724\" width=\"2136\" height=\"3200\" srcset=\"https:\/\/severinedacosta.com\/wp-content\/uploads\/2019\/07\/img_4748.jpg 2136w, https:\/\/severinedacosta.com\/wp-content\/uploads\/2019\/07\/img_4748-200x300.jpg 200w, https:\/\/severinedacosta.com\/wp-content\/uploads\/2019\/07\/img_4748-768x1151.jpg 768w, https:\/\/severinedacosta.com\/wp-content\/uploads\/2019\/07\/img_4748-684x1024.jpg 684w, https:\/\/severinedacosta.com\/wp-content\/uploads\/2019\/07\/img_4748-1140x1708.jpg 1140w\" sizes=\"(max-width: 2136px) 100vw, 2136px\" \/><\/p>\n<p>Tr\u00e8s rapidement mon corps me demande et surtout m\u2019oblige \u00e0 ralentir, mes quadriceps se tendent et crampes sans pr\u00e9venir. Ma cuisse est raide et je vois enfin le premier ravito arriver!<\/p>\n<p>J\u2019essaie de m\u2019\u00e9tirer en amenant ma jambe jusqu\u2019\u00e0 ma fesse mais impossible la crampe est si forte que je dois me mettre au sol sur mes talons pour forcer mon quadriceps \u00e0 se fl\u00e9chir !<\/p>\n<p>Je crie, j\u2019ai mal, j\u2019ai mal physiquement mais aussi mentalement&#8230; bordel je suis au Km 2\ufe0f\u20e3 de mon marathon, je me pose 1000 questions \u00ab&nbsp;mais comment tenir 1 marathon dans de telles conditions ? Faut-il que j\u2019utilise une foul\u00e9e diff\u00e9rente pour contraindre le muscle \u00e0 forcer autrement ? Suis je la seule \u00e0 souffrir comme \u00e7a ? Mais pourquoi aujourd\u2019hui ? Pourquoi?&nbsp;\u00bb<\/p>\n<p>Les b\u00e9n\u00e9voles viennent vers moi et ne comprennent pas ce qu\u2019il m\u2019arrive, ils appellent le m\u00e9decin et sont \u00e0 deux doigts de me faire monter dans une ambulance \ud83d\ude91, hors de question de rentrer dans une ambulance pour des crampes, c\u2019est mort \ud83d\ude35 !!<\/p>\n<p>Je prends de l\u2019eau, des gla\u00e7ons, je mets tout \u00e7a sur mes cuisses \u00e9tire un Max, et je m\u2019oblige \u00e0 repartir !!!<\/p>\n<p>(Merci \u00e0 tous ces b\u00e9n\u00e9voles qui ont essay\u00e9 que je reparte au mieux).<\/p>\n<p>Je croise de nouveau ma famille et leur explique de loin que je suis dans le mal, que les crampes sont de la partie.<\/p>\n<a class=\"wp-embedded-video\" href=\"https:\/\/severinedacosta.com\/wp-content\/uploads\/2019\/07\/img_4432.mov\">https:\/\/severinedacosta.com\/wp-content\/uploads\/2019\/07\/img_4432.mov<\/a>\n<p>Les crampes mettrons 5\/6 km avant de dispara\u00eetre totalement!<\/p>\n<p>Je m\u2019impose un rythme simple de ravitaillement sur le 1\ufe0f\u20e3er tour ! Une eau fra\u00eeche pour boire + une eau pour vider sur mes jambes et sur ma t\u00eate. Ce premier tour est long et \u00e7a fuse dans ma t\u00eate, \u00e7a ne s\u2019arr\u00eate pas, je ne vois pas comment je pourrais venir \u00e0 bout de ce marathon \ud83e\udd7a\ud83d\ude16.<\/p>\n<p>Je r\u00e9cup\u00e8re enfin mon premier chouchou, et je me rends compte qu\u2019il y en aura 4 \ud83e\udd17 ce que je vois surtout c\u2019est que contrairement \u00e0 d\u2019autres marathon sur Ironman celui-ci fera bien 4\ufe0f\u20e32\ufe0f\u20e3 km \ud83d\ude2b chaque tour fait 10,5km et \u00e7a change beaucoup 2 km de plus \u00e0 ce stade l\u00e0.<\/p>\n<p>Je me rapproche de l\u2019ar\u00e8ne o\u00f9 se trouve l\u2019arche d\u2019arriv\u00e9e et j\u2019aper\u00e7ois ma famille toujours \u00e0 bloc \ud83d\udde3\ud83d\udce3\u2665\ufe0f\ud83c\udfc3\ud83c\udffb\u200d\u2640\ufe0f! Je prends le temps de m\u2019approcher vraiment et les toucher pour leur faire comprendre que je suis dans le mal le plus total et que je subis clairement ce marathon !<\/p>\n<p><a class=\"wp-embedded-video\" href=\"https:\/\/severinedacosta.com\/wp-content\/uploads\/2019\/07\/img_4438.mov\">https:\/\/severinedacosta.com\/wp-content\/uploads\/2019\/07\/img_4438.mov<\/a><img decoding=\"async\" loading=\"lazy\" src=\"https:\/\/severinedacosta.com\/wp-content\/uploads\/2019\/07\/img_4435.jpg\" class=\"aligncenter size-full wp-image-725\" width=\"3520\" height=\"1980\" srcset=\"https:\/\/severinedacosta.com\/wp-content\/uploads\/2019\/07\/img_4435.jpg 3520w, https:\/\/severinedacosta.com\/wp-content\/uploads\/2019\/07\/img_4435-300x169.jpg 300w, https:\/\/severinedacosta.com\/wp-content\/uploads\/2019\/07\/img_4435-768x432.jpg 768w, https:\/\/severinedacosta.com\/wp-content\/uploads\/2019\/07\/img_4435-1024x576.jpg 1024w, https:\/\/severinedacosta.com\/wp-content\/uploads\/2019\/07\/img_4435-1140x641.jpg 1140w\" sizes=\"(max-width: 3520px) 100vw, 3520px\" \/><\/p>\n<p>Je lache quelques larmes en continuant mon chemin, puis 100m plus loin j\u2019entends de nouveau cette ferveur dans l\u2019ar\u00e8ne \ud83c\udfdf, ces musique \ud83c\udfb6 de conqu\u00e9rant, je vois l\u2019arche, je regarde le ciel et je me f\u00e9licite d\u2019\u00eatre l\u00e0 o\u00f9 je suis aujourd\u2019hui !<\/p>\n<p>Je souris, je frissonne, je suis heureuse \ud83e\udd17.<\/p>\n<p>\u00c0 partir de l\u00e0, mon mental a repris le dessus, je suis en mode conqu\u00e9rante et je vais venir \u00e0 bout de ce marathon.<\/p>\n<p>Je les vois de nouveau au km 1\ufe0f\u20e31\ufe0f\u20e3, maman me dit \u00ab&nbsp;calme toi fille, vas y tranquille, pas de pression c\u2019est bien&nbsp;\u00bb je vois bien que mon message pr\u00e9c\u00e9dent ou je leurs expliquait que c\u2019\u00e9tait tr\u00e8s dur est mal pass\u00e9, maman a du mal \u00e0 me voir souffrir comme \u00e7a et c\u2019est normal. Je prends le temps de la rassurer et lui dire \u00e7a va aller \ud83d\udcaa\ud83c\udffc.<\/p>\n<p>Mon petit fr\u00e8re, mon p\u00e8re, mon beau p\u00e8re et Auxane envoient tout ce qu\u2019ils peuvent pour me renvoyer de l\u2019\u00e9nergie positive \ud83d\udc4c\ud83c\udffb impec je suis requinqu\u00e9e de nouveau.<\/p>\n<a class=\"wp-embedded-video\" href=\"https:\/\/severinedacosta.com\/wp-content\/uploads\/2019\/07\/img_2635.mov\">https:\/\/severinedacosta.com\/wp-content\/uploads\/2019\/07\/img_2635.mov<\/a>\n<p>Le 2\ufe0f\u20e3e et le 3\ufe0f\u20e3e Tour de Course \u00e0 pied se passeront mieux, j\u2019ajoute \u00e0 mon rituel de ravitaillement une poign\u00e9e de biscuits sal\u00e9s et je prends le temps de les manger et de boire en marchant, sans courir, tranquille (c\u2019est le seule moment o\u00f9 je m\u2019autorise \u00e0 marcher 10\/20 secondes)<\/p>\n<p>Je r\u00e9cup\u00e8re \u00e9galement des \u00e9ponges que je place dans ma trifonction parce qu\u2019il commence \u00e0 faire bien chaud dans les rues de Vitoria-Gasteiz \u2600\ufe0f.<\/p>\n<p><img decoding=\"async\" loading=\"lazy\" src=\"https:\/\/severinedacosta.com\/wp-content\/uploads\/2019\/07\/img_4761.jpg\" class=\"aligncenter size-full wp-image-727\" width=\"2133\" height=\"3200\" srcset=\"https:\/\/severinedacosta.com\/wp-content\/uploads\/2019\/07\/img_4761.jpg 2133w, https:\/\/severinedacosta.com\/wp-content\/uploads\/2019\/07\/img_4761-200x300.jpg 200w, https:\/\/severinedacosta.com\/wp-content\/uploads\/2019\/07\/img_4761-768x1152.jpg 768w, https:\/\/severinedacosta.com\/wp-content\/uploads\/2019\/07\/img_4761-683x1024.jpg 683w, https:\/\/severinedacosta.com\/wp-content\/uploads\/2019\/07\/img_4761-1140x1710.jpg 1140w\" sizes=\"(max-width: 2133px) 100vw, 2133px\" \/><\/p>\n<p>Les espagnols sont toujours l\u00e0 et toujours \u00e0 fond avec des encouragements sur la totalit\u00e9 ou presque du parcours, c\u2019est dingue vraiment \ud83e\udd70.<\/p>\n<p>Je r\u00e9cup\u00e8re le chouchou, je rentre de nouveau dans l\u2019ar\u00e8ne en faisant ce fameux d\u00e9compte, plus que 2 fois \u00e0 passer la, plus qu\u2019une fois, etc&#8230;<\/p>\n<p>Ma famille est encore l\u00e0, et cette fois j\u2019ai droit \u00e0 une Hol\u00e0 de leur part et c\u2019est juste \u00e9norme&#8230; autant d\u2019amour partag\u00e9, je ne les remercierai jamais assez pour ces instants \ud83d\ude4f\ud83c\udffb\u2665\ufe0f.<\/p>\n<a class=\"wp-embedded-video\" href=\"https:\/\/severinedacosta.com\/wp-content\/uploads\/2019\/07\/img_4454.mov\">https:\/\/severinedacosta.com\/wp-content\/uploads\/2019\/07\/img_4454.mov<\/a>\n<p>Je suis \u00e0 pr\u00e9sent sur mon dernier tour, mon allure diminue, je reste plus longtemps sur les ravito, j\u2019ai perdu le fil, la niak, j\u2019ai juste envie d\u2019aller au bout sans souffrir de trop.<\/p>\n<p><img decoding=\"async\" loading=\"lazy\" src=\"https:\/\/severinedacosta.com\/wp-content\/uploads\/2019\/07\/img_4746.jpg\" class=\"size-full wp-image-730\" width=\"2133\" height=\"3200\" srcset=\"https:\/\/severinedacosta.com\/wp-content\/uploads\/2019\/07\/img_4746.jpg 2133w, https:\/\/severinedacosta.com\/wp-content\/uploads\/2019\/07\/img_4746-200x300.jpg 200w, https:\/\/severinedacosta.com\/wp-content\/uploads\/2019\/07\/img_4746-768x1152.jpg 768w, https:\/\/severinedacosta.com\/wp-content\/uploads\/2019\/07\/img_4746-683x1024.jpg 683w, https:\/\/severinedacosta.com\/wp-content\/uploads\/2019\/07\/img_4746-1140x1710.jpg 1140w\" sizes=\"(max-width: 2133px) 100vw, 2133px\" \/><\/p>\n<p>Je ne sais pas comment vous expliquer, je sais que sur ce tour l\u00e0 j\u2019aurai pu aller chercher les quelques minutes que je voulais gagner, mais ma t\u00eate ne veut plus, mes jambes non plus d\u2019ailleurs ! Je veux \u00eatre confortable tout en ayant mal mais pas souffrir le martyre.<\/p>\n<p>Je vois beaucoup de monde marcher, souffrir, avoir chaud, s\u2019arr\u00eater compl\u00e8tement&#8230;<\/p>\n<p>C\u2019est encore ma famille qui me fait aller plus vite, je pense \u00e0 eux, je pense \u00e0 cette place qu\u2019ils ont d\u00fb aller prendre dans les tribunes, de ces heures pass\u00e9es a m\u2019attendre, \u00e0 m\u2019encourager, etc&#8230; je pense \u00e0 eux et je garde ce rythme pas tr\u00e8s \u00e9lev\u00e9 qui m\u2019am\u00e8ne vers l\u2019arriv\u00e9e \ud83c\udfc3\ud83c\udffb\u200d\u2640\ufe0f\ud83c\udfc1.<\/p>\n<p>J\u2019arrive au dernier chouchou, il reste 1\ufe0f\u20e3km \ud83e\udd29, j\u2019entre pour la derni\u00e8re fois dans cette ar\u00e8ne pla\u00e7a de Espa\u00f1a \ud83c\udfdf et je frisonne de nouveau je sais qu\u2019il ne reste que quelques m\u00e8tres avant de franchir cette ligne !<\/p>\n<p>&#8230;.<\/p>\n<p>J\u2019entre dans cette ar\u00e8ne \ud83c\udfdf, elle est en feu \ud83d\udd25, les gens constatent que c\u2019est mon dernier tour, j\u2019ai tous les chouchous au poignet, j\u2019ai le Smile mais aussi la fatigue qui s\u2019inscrivent clairement sur mon visage.<\/p>\n<p>Ils donnent alors encore plus de la voix \u00ab&nbsp;campeona \ud83d\udce3&nbsp;\u00bb ; \u00ab&nbsp;m\u00e1quina&nbsp;\ud83d\udce3\u00bb , ils me tendent leurs mains, je tape dans chacune d\u2019elle, le sourire jusqu\u2019aux oreilles, je suis tellement heureuse de cette d\u00e9livrance qui va avoir lieu dans quelques secondes, je ne sens plus la douleur, les jambes sont de nouveau l\u00e0 et le reste de la course n\u2019est plus pr\u00e9sente dans ma t\u00eate \u00e0 ce moment l\u00e0!<\/p>\n<p>Je ne pense qu\u2019au moment pr\u00e9sent.<\/p>\n<p>Je m\u2019approche efficacement de cette ligne et je suis port\u00e9e par la musique et la voix de ces supporters hors normes \ud83c\udfb6\ud83d\udde3.<\/p>\n<p>Je suis \u00e0 la bifurcation entre faire un tour suppl\u00e9mentaire et la fameuse ligne d\u2019arriv\u00e9e \ud83c\udfc1, je sais que c\u2019est enfin mon tour, que c\u2019est enfin \u00e0 moi de profiter du bonheur et de la d\u00e9livrance de cet arche !<\/p>\n<p>Je constate la joie de l\u2019homme devant moi, il saute partout sur le tapis (je ne pense pas encore au fait que \u00e7a va g\u00e2cher absolument toutes mes photos finisher \ud83d\ude02, je suis heureuse pour lui) , je cherche ma famille dans les tribunes mais je ne les voient pas, je pense alors que c\u2019\u00e9tait s\u00fbrement trop difficile d\u2019acc\u00e8s et qu\u2019ils n\u2019ont pas r\u00e9ussi \u00e0 y acc\u00e9der.<\/p>\n<p><img decoding=\"async\" loading=\"lazy\" src=\"https:\/\/severinedacosta.com\/wp-content\/uploads\/2019\/07\/img_4749.jpg\" class=\"aligncenter size-full wp-image-733\" width=\"2133\" height=\"3200\" srcset=\"https:\/\/severinedacosta.com\/wp-content\/uploads\/2019\/07\/img_4749.jpg 2133w, https:\/\/severinedacosta.com\/wp-content\/uploads\/2019\/07\/img_4749-200x300.jpg 200w, https:\/\/severinedacosta.com\/wp-content\/uploads\/2019\/07\/img_4749-768x1152.jpg 768w, https:\/\/severinedacosta.com\/wp-content\/uploads\/2019\/07\/img_4749-683x1024.jpg 683w, https:\/\/severinedacosta.com\/wp-content\/uploads\/2019\/07\/img_4749-1140x1710.jpg 1140w\" sizes=\"(max-width: 2133px) 100vw, 2133px\" \/><img decoding=\"async\" loading=\"lazy\" src=\"https:\/\/severinedacosta.com\/wp-content\/uploads\/2019\/07\/img_4753.jpg\" class=\"aligncenter size-full wp-image-734\" width=\"2136\" height=\"3200\" srcset=\"https:\/\/severinedacosta.com\/wp-content\/uploads\/2019\/07\/img_4753.jpg 2136w, https:\/\/severinedacosta.com\/wp-content\/uploads\/2019\/07\/img_4753-200x300.jpg 200w, https:\/\/severinedacosta.com\/wp-content\/uploads\/2019\/07\/img_4753-768x1151.jpg 768w, https:\/\/severinedacosta.com\/wp-content\/uploads\/2019\/07\/img_4753-684x1024.jpg 684w, https:\/\/severinedacosta.com\/wp-content\/uploads\/2019\/07\/img_4753-1140x1708.jpg 1140w\" sizes=\"(max-width: 2136px) 100vw, 2136px\" \/><\/p>\n<p>Un dernier regard sur cette montre \u231a\ufe0f, et c\u2019est enfin \u00e0 moi, cette arche est l\u00e0 devant moi, je la regarde avec des \u00e9toiles dans les yeux pour la seconde fois, cette arche qui signifie l\u2019aboutissement d\u2019une course hors norme mais \u00e9galement d\u2019une pr\u00e9pa longue et difficile !<\/p>\n<p>J\u2019ai l\u2019impression que je suis forte et que cette fois je ne pleurerai pas !<\/p>\n<p>En passant la ligne je serre les poings \ud83d\udc4a\ud83c\udffc une premi\u00e8re fois pour moi, une telle r\u00e9action ne me ressemble pas, mais je comprends c\u2019est mon tout corps qui parle ! Ce geste c\u2019est le signe que j\u2019ai lutt\u00e9 sans rel\u00e2che pour passer cette ligne.<\/p>\n<p><img decoding=\"async\" loading=\"lazy\" src=\"https:\/\/severinedacosta.com\/wp-content\/uploads\/2019\/07\/img_4728.jpg\" class=\"size-full wp-image-737\" width=\"2136\" height=\"3200\" srcset=\"https:\/\/severinedacosta.com\/wp-content\/uploads\/2019\/07\/img_4728.jpg 2136w, https:\/\/severinedacosta.com\/wp-content\/uploads\/2019\/07\/img_4728-200x300.jpg 200w, https:\/\/severinedacosta.com\/wp-content\/uploads\/2019\/07\/img_4728-768x1151.jpg 768w, https:\/\/severinedacosta.com\/wp-content\/uploads\/2019\/07\/img_4728-684x1024.jpg 684w, https:\/\/severinedacosta.com\/wp-content\/uploads\/2019\/07\/img_4728-1140x1708.jpg 1140w\" sizes=\"(max-width: 2136px) 100vw, 2136px\" \/><img decoding=\"async\" loading=\"lazy\" src=\"https:\/\/severinedacosta.com\/wp-content\/uploads\/2019\/07\/img_4732.jpg\" class=\"size-full wp-image-736\" width=\"2133\" height=\"3200\" srcset=\"https:\/\/severinedacosta.com\/wp-content\/uploads\/2019\/07\/img_4732.jpg 2133w, https:\/\/severinedacosta.com\/wp-content\/uploads\/2019\/07\/img_4732-200x300.jpg 200w, https:\/\/severinedacosta.com\/wp-content\/uploads\/2019\/07\/img_4732-768x1152.jpg 768w, https:\/\/severinedacosta.com\/wp-content\/uploads\/2019\/07\/img_4732-683x1024.jpg 683w, https:\/\/severinedacosta.com\/wp-content\/uploads\/2019\/07\/img_4732-1140x1710.jpg 1140w\" sizes=\"(max-width: 2133px) 100vw, 2133px\" \/><\/p>\n<a class=\"wp-embedded-video\" href=\"https:\/\/severinedacosta.com\/wp-content\/uploads\/2019\/07\/img_4459-1.mov\">https:\/\/severinedacosta.com\/wp-content\/uploads\/2019\/07\/img_4459-1.mov<\/a>\n<p>J\u2019aper\u00e7ois enfin ma famille sur la gauche et je tombe litt\u00e9ralement dans les bas de mon petit fr\u00e8re en pleurant comme un b\u00e9b\u00e9 ! Je prends alors ma famille dans les bras et les remercie encore d\u2019avoir \u00e9t\u00e9 l\u00e0, leur signal\u00e9 de nouveau que \u00e7a a \u00e9t\u00e9 dur, tr\u00e8s dur ! Sans eux je ne suis pas sure de pouvoir faire une si belle course, leur aide m\u2019est vraiment pr\u00e9cieuse et me donne la force de me D\u00e9passer.<\/p>\n<p><img decoding=\"async\" loading=\"lazy\" src=\"https:\/\/severinedacosta.com\/wp-content\/uploads\/2019\/07\/7ddbffc9-cef7-4f0c-886f-4ef7074244ba.jpg\" class=\"aligncenter size-full wp-image-738\" width=\"2448\" height=\"2448\" srcset=\"https:\/\/severinedacosta.com\/wp-content\/uploads\/2019\/07\/7ddbffc9-cef7-4f0c-886f-4ef7074244ba.jpg 2448w, https:\/\/severinedacosta.com\/wp-content\/uploads\/2019\/07\/7ddbffc9-cef7-4f0c-886f-4ef7074244ba-150x150.jpg 150w, https:\/\/severinedacosta.com\/wp-content\/uploads\/2019\/07\/7ddbffc9-cef7-4f0c-886f-4ef7074244ba-300x300.jpg 300w, https:\/\/severinedacosta.com\/wp-content\/uploads\/2019\/07\/7ddbffc9-cef7-4f0c-886f-4ef7074244ba-768x768.jpg 768w, https:\/\/severinedacosta.com\/wp-content\/uploads\/2019\/07\/7ddbffc9-cef7-4f0c-886f-4ef7074244ba-1024x1024.jpg 1024w, https:\/\/severinedacosta.com\/wp-content\/uploads\/2019\/07\/7ddbffc9-cef7-4f0c-886f-4ef7074244ba-1140x1140.jpg 1140w, https:\/\/severinedacosta.com\/wp-content\/uploads\/2019\/07\/7ddbffc9-cef7-4f0c-886f-4ef7074244ba-75x75.jpg 75w\" sizes=\"(max-width: 2448px) 100vw, 2448px\" \/><\/p>\n<p>\u00c7a y est je l\u2019ai fait, je suis finisher de mon second Ironman en 11h12\u201937\u2019\u2019 d\u2019effort \ud83d\udd25.<\/p>\n<p><img decoding=\"async\" loading=\"lazy\" src=\"https:\/\/severinedacosta.com\/wp-content\/uploads\/2019\/07\/img_2661.jpg\" class=\"aligncenter size-full wp-image-739\" width=\"3264\" height=\"2448\" srcset=\"https:\/\/severinedacosta.com\/wp-content\/uploads\/2019\/07\/img_2661.jpg 3264w, https:\/\/severinedacosta.com\/wp-content\/uploads\/2019\/07\/img_2661-300x225.jpg 300w, https:\/\/severinedacosta.com\/wp-content\/uploads\/2019\/07\/img_2661-768x576.jpg 768w, https:\/\/severinedacosta.com\/wp-content\/uploads\/2019\/07\/img_2661-1024x768.jpg 1024w, https:\/\/severinedacosta.com\/wp-content\/uploads\/2019\/07\/img_2661-1140x855.jpg 1140w\" sizes=\"(max-width: 3264px) 100vw, 3264px\" \/><\/p>\n<p>J\u2019aper\u00e7ois Baptiste sa m\u00e9daille d\u00e9j\u00e0 au tour du cou, grand sourire, ce champion qui finira sa course en 9h24\u2019 avec \u00e0 peu de choses pr\u00e8s les m\u00eames ressentis au niveau de sa course.<\/p>\n<p>Une course dans le dur que je ne suis pas pr\u00eate d\u2019oublier. Je suis tr\u00e8s heureuse de voir son grand sourire \ud83d\ude03.<\/p>\n<p>Vous l\u2019aurez compris avec acharnement, d\u00e9termination, entra\u00eenements et une bonne dose de Force mentale, vous pourrez vous aussi venir \u00e0 bout d\u2019une telle course. C\u2019est un v\u00e9ritable bonheur de passer cette ligne.<\/p>\n<p>Merci encore \u00e0 vous tous pour les encouragements et vos messages de f\u00e9licitations avant, pendant et apr\u00e8s la course.<\/p>\n<p><img decoding=\"async\" loading=\"lazy\" src=\"https:\/\/severinedacosta.com\/wp-content\/uploads\/2019\/07\/img_4875.jpg\" class=\"aligncenter size-full wp-image-740\" width=\"2133\" height=\"3200\" srcset=\"https:\/\/severinedacosta.com\/wp-content\/uploads\/2019\/07\/img_4875.jpg 2133w, https:\/\/severinedacosta.com\/wp-content\/uploads\/2019\/07\/img_4875-200x300.jpg 200w, https:\/\/severinedacosta.com\/wp-content\/uploads\/2019\/07\/img_4875-768x1152.jpg 768w, https:\/\/severinedacosta.com\/wp-content\/uploads\/2019\/07\/img_4875-683x1024.jpg 683w, https:\/\/severinedacosta.com\/wp-content\/uploads\/2019\/07\/img_4875-1140x1710.jpg 1140w\" sizes=\"(max-width: 2133px) 100vw, 2133px\" \/><\/p>\n<p>Je vous souhaite de vivre la m\u00eame exp\u00e9rience un jour.<\/p>\n<p>Et de pouvoir l\u2019appr\u00e9cier comme il se doit, qu\u2019elle se passe parfaitement bien comme mon premier ou plus dans la douleur comme le second \u00e7a reste un moment inoubliable.<\/p>\n<p>Merci \u00e0 tous<\/p>\n","protected":false},"excerpt":{"rendered":"<p>Il est 5h du mat le r\u00e9veil sonne \u00e7a ne fait qu\u2019un tour dans ma t\u00eate limite une crise cardiaque, je sais qu\u2019il est temps d\u2019y aller. Jusqu\u2019\u00e0 maintenant je ne stressais pas vraiment mais ce r\u00e9veil me remets tout de suite en place. C\u2019est aujourd\u2019hui cocotte \ud83d\ude31\ud83d\udca5. Place au petit dej\u2019 comme d\u2019hab\u2019 pas grand-chose ne rentre \u00e0 cette heure l\u00e0 dans mon Bidou, je me force un peu, beaucoup, passionn\u00e9ment, \u00e0 la folie&#8230; \u00e9videmment il faut que \u00e7a rentre j\u2019en ai pour 12 heures d\u2019efforts\u2026 6h30 d\u00e9part pour le bus \ud83d\ude8c qui nous m\u00e8nera jusqu\u2019au lac qui se trouve \u00e0 20 km du centre de Victoria. Arriv\u00e9e au lac petit passage dans le parc \u00e0 v\u00e9lo \ud83d\udeb2 pour v\u00e9rifier les derniers r\u00e9glages \u2699\ufe0f de mon M\u00e9rida bike, mais aussi pour prendre soin de regonfler mes pneus. Je sors du parc, ma famille et l\u00e0 il me font du bien, je m\u2019assoies tranquillement dans l\u2019herbe discute quelques instants avec eux, leur expliquer 2-3 petites r\u00e8gles suppl\u00e9mentaires pour qu\u2019ils passent eux aussi une bonne journ\u00e9e. J\u2019enfile ma combinaison Colting (merci pour la confiance) , prends le temps de mettre une \u00e9norme couche de vaseline pour \u00e9viter de me br\u00fbler le cou&#8230; Un dernier bisou \ud83d\ude18 \u00e0 chacun d\u2019eux, Un sourire et je pars me positionner dans mon sas. 1\/4 Partie Swim Je suis encore en train de me demander \u00e0 ce moment-l\u00e0 si je choisirai le sas 1h15 ou le sas 1h20. L\u2019an dernier sur mon premier ironman j\u2019avais mis 1h34 \ud83d\ude48 20 min de plus que ce que j\u2019avais imagin\u00e9 en prenant le d\u00e9part, alors aujourd\u2019hui je me question et je ne veux pas me surestimer&#8230; puis d\u2019un coup je me rend compte que je suis plut\u00f4t entrain de me sous-estimer pour le coup \ud83d\ude06&#8230; alors je d\u00e9cide de prendre le sas 1h15 ! Il y a d\u00e9j\u00e0 une ambiance de folie dans les sas, on voit de tout, des gens stress\u00e9s, des gens qui paraissent sereins, des gens seuls, d\u2019autres en groupes d\u2019amis, on voit des larmes \ud83d\ude22 oui, je fais parti de ses gens l\u00e0 qui lache une petite larme avant le d\u00e9part en me rem\u00e9morant ce que signifie un Ironman&#8230; ce r\u00eave ultime que je ne pensais jamais atteindre un jour. Le temps que tout le monde se mette en place je revis clairement ma course de l\u2019an dernier \u00e0 Vichy et je suis toute \u00e9mue&#8230; Des musiques \ud83c\udfbc telles que \u00ab&nbsp;c\u2019est la vie&nbsp;\u00bb de Khaled mettent les espagnols en folie \ud83d\udd25\ud83d\udd25\ud83d\udd25 j\u2019adore, je retrouve le sourire et je chante avec eux \ud83c\udfb6\ud83c\udfb5 ! Il est bient\u00f4t l\u2019heure de prendre le d\u00e9part, J\u2019entends le bip qui se rapproche, je ne stresse plus je suis bien, je sais que je dois faire le job. Bip bip bip biiiiiip, voil\u00e0 je m\u2019\u00e9lance! C\u2019est bizarre mais je n\u2019ai pas peur. Rapidement je me mets \u00e0 mon allure sans trop penser au reste, je ne r\u00e9fl\u00e9chis pas trop je sais qu\u2019il faut nager tout droit pendant 1500m jusqu\u2019\u00e0 la prochaine bou\u00e9e rouge \ud83d\udd34, je pensais me faire passer dessus comme \u00e0 vichy mais non, je suis dans le Mouv\u2019 j\u2019avance au m\u00eame rythme que ce petit groupe et je me sens bien \ud83e\udd70\ud83d\ude48. Ma montre fais un Lap tous les 500m un coup d\u2019\u0153il je suis en 8\u2019 quelque chose au 500m \ud83d\ude31\ud83e\udd70\ud83d\ude48 trop bien je suis bien. Je prends quelques coups lors des virages, un \u00e9norme coup sur l\u2019arcade qui me fait remplir mes lunettes d\u2019eau \ud83e\udd7a\ud83d\ude29, mais apr\u00e8s quelques tasses bues, je me fais moi aussi ma place. \u00c0 partir de 2000m je ne sens plus la montre vibrer pour me signaler le Lap annon\u00e7ant 500m de plus. \ud83e\udd14 bizarre soit je fais du surplace, soit la montre bug \ud83d\ude44. Je vois enfin l\u2019arriv\u00e9e au loin, un dernier coup d\u2019\u0153il \u00e0 la montre elle est toujours bloqu\u00e9e sur 2067m mais elle annonce 1h06&#8230; \ud83e\udd70 g\u00e9nial \u00e7a veut dire que je suis bien \u270c\ud83c\udffb&#8230; je sors de l\u2019eau apr\u00e8s avoir pris encore quelques coups par ces sauvages \ud83d\ude02 qui veulent la m\u00eame chose que moi sortir de ce lac et enfourcher leur v\u00e9lo \ud83d\udeb2 ! Je sors en 1\ufe0f\u20e3h1\ufe0f\u20e36\ufe0f\u20e3 \ud83d\ude0d le temps esp\u00e9r\u00e9 ! Je suis ravie, ma famille est l\u00e0 sur le bord, ils sont \u00e0 fond, ils hurlent mon nom, je tape dans chacune des mains, \u00e7a me fait un bien de dingue. J\u2019enl\u00e8ve ma combi et place mon casque sur la t\u00eate avant de partir comme une fus\u00e9e r\u00e9cup\u00e9rer mon v\u00e9lo! Le speaker parle de moi \ud83e\udd29, SEVERINE from France \ud83c\uddeb\ud83c\uddf7 &#8230; j\u2019entame la mont\u00e9e sur le tapis rouge pour sortir du parc et ma famille Est de nouveau l\u00e0 \ud83e\udd73\ud83e\udd29&#8230; j\u2019adore tout est parfait jusqu\u2019\u00e0 maintenant. 2\/4 Partie Bike Je r\u00e9cup\u00e8re Bike \ud83d\udeb4\ud83c\udffb\u200d\u2640\ufe0f et me voil\u00e0 tout sourire en voyant ma famille qui donne de nouveau de la voix \ud83d\udce2. Je monte sur mon M\u00e9rida bike et je sais que cette partie s\u2019annonce longue. 2\ufe0f\u20e3 tours de 73 km + 1\ufe0f\u20e3 tour de 34 km soit 1\ufe0f\u20e38\ufe0f\u20e30\ufe0f\u20e3km m\u2019attendent !! Je pars en \u00e9tant hyper bien, en super confiance, les jambes r\u00e9pondent tr\u00e8s bien et la t\u00eate y est. J\u2019ai r\u00e9ellement envie de me d\u00e9passer sur cette partie qui est ma pr\u00e9f\u00e9r\u00e9e. Depuis le d\u00e9but de la saison j\u2019ai clairement r\u00e9ussi \u00e0 me d\u00e9marquer sur la partie v\u00e9lo de chacun de mes triathlons, ceci dit \u26a0\ufe0f attention \u26a0\ufe0f un Ironman c\u2019est long, il faut arriver \u00e0 ne pas \u00ab&nbsp;TROP&nbsp;\u00bb en faire et \u00e0 la fois en mettre \u00ab&nbsp;SUFFISAMMENT&nbsp;\u00bb pour \u00eatre des les clous&#8230; c\u2019est l\u00e0 qu\u2019est toute la difficult\u00e9 de cette distance ! La premi\u00e8re heure tout se passe parfaitement bien, je suis \u00e0 35 km\/h de moyenne, je me sens bien, mise \u00e0 part ce cou qui commence d\u00e9j\u00e0 \u00e0 me tirer. [ \u2014&gt; Je ne vous parle pas de tout, ou plut\u00f4t je n\u2019ai pas voulu me plaindre la semaine de mon ironman il m\u2019est arriv\u00e9 de sacr\u00e9es bricoles (infection urinaire +++, torticolis, br\u00fblure dans le cou, d\u00e9but de mes r\u00e8gles 2 jours avant le d\u00e9part \u270c\ud83c\udffb) mais je pense qu\u2019il est important de noter \u00e7a pour toutes ces filles qui auront peut \u00eatre le m\u00eame probl\u00e8me que moi \u00e0 quelques jours de l\u2019objectif ! ] Bref ce mal au cou ne m\u2019a absolument pas g\u00ean\u00e9 sur la partie natation alors je me pensais d\u00e9barrass\u00e9 de celui-ci&#8230; mais en fait non, sur le v\u00e9lo le cou me tire assez rapidement et je garde cette douleur du km 3\ufe0f\u20e30\ufe0f\u20e3 au km 1\ufe0f\u20e38\ufe0f\u20e30\ufe0f\u20e3 \u00e0 chaque fois que je suis sur les prolongateurs ( presque tout du long) ! La premi\u00e8re partie du bike me plait vraiment jusqu\u2019au km 3\ufe0f\u20e35\ufe0f\u20e3 c\u2019est vallonn\u00e9 j\u2019adore ce genre de parcours, un peu casse pattes mais j\u2019aime beaucoup&#8230; puis les 20 km qui suivent sont tout autre chose, plat, paysage pas si plaisant contrairement au d\u00e9but du parcours, routes aux gros grains, j\u2019aime Beaucoup moins et je m\u2019ennuie, \u00ab\u00a0ce n\u2019est que le premier tour S\u00e9verine fais un effort bordel\u00a0\u00bb. On arrive enfin au km 6\ufe0f\u20e31\ufe0f\u20e3 une grosse ambiance en ville, tous les espagnols sont sur le bord de la route, ils sont \u00e0 fond et nous encouragent \u00e0 s\u2019arracher les cordes vocales c\u2019est impressionnant ! On enchaine ensuite en solo (sans public) sur un faux plat montant pas super excitant&#8230; Km 7\ufe0f\u20e30\ufe0f\u20e3 on arrive enfin sur une partie moins roulante avec de belles c\u00f4tes et bizarrement je me sens hyper bien, du monde sur les c\u00f4t\u00e9s, j\u2019\u00e9change un Max de sourires, de Gracias, etc&#8230; les gens sont vraiment adorables. Mais surtout ce qui me fait avancer, c\u2019est que j\u2019ai conscience que j\u2019arrive au niveau de ma famille qui sont rest\u00e9 au lac comme convenu et que je vais pouvoir me revigorer de part leurs encouragements et leurs sourires \ud83e\udd73 . 1\ufe0f\u20e3 tour \u2714\ufe0f 33,5km\/h de moyenne \ud83e\udd29 g\u00e9nial \u00e7a ! Je suis hyper fi\u00e8re de moi ! J\u2019arrive au km 7\ufe0f\u20e34\ufe0f\u20e3 et je ne vois toujours personne, la c\u2019est un v\u00e9ritable coup dur pour moi, je d\u00e9pense de l\u2019\u00e9nergie en r\u00e2lant apr\u00e8s moi&#8230; \u00ab\u00a0j\u2019ai du mal leurs expliquer, ils n\u2019ont pas compris que j\u2019aurais aim\u00e9 qu\u2019ils soient l\u00e0 pour mon premier tour, c\u2019est dingue qu\u2019ils ne soient pas rest\u00e9, bordel j\u2019esp\u00e8re qu\u2019ils seront au km 1\ufe0f\u20e33\ufe0f\u20e30\ufe0f\u20e3 en ville ou j\u2019avais dit en deuxi\u00e8me temps&#8230;\u00a0\u00bb J\u2019essaie de me concentrer sur ma course, mais je dois avouer que je commence \u00e0 bien souffrir et physiquement et psychologiquement ! Je bois\ud83d\udca7et m\u2019alimente \ud83c\udf6b au millim\u00e8tre je ne veux pas flancher sur ce coup l\u00e0, les gels Gu Energy s\u2019encha\u00eenent toutes les 45 min depuis le d\u00e9but et quand j\u2019ai envie de manger du \u00ab\u00a0dur\u00a0\u00bb je prends un peu d&rsquo;une de mes 2 barres CliffBar qui m\u2019accompagnent. Ce deuxi\u00e8me tour me semble d\u00e9j\u00e0 beaucoup plus difficile, pas \u00e9tonnant, un vent \ud83d\udca8 sympathique est venu se rajouter \u00e0 la partie et souffle \u00e0 plus de 40km\/h par rafales. Mes triceps (bras) commencent \u00e0 chauffer, tenir son bike de toutes ses forces pour \u00e9viter la chute demande pas mal d\u2019\u00e9nergie, \u00e9nergie que je sens vite partir dans les choux avec ce vent ! J\u2019arrive de nouveau sur la partie que j\u2019aime le moins, le plat face au vent \ud83d\udca8 , \u00e7a m\u2019agace\ud83d\ude24, je souffre \ud83d\ude16\ud83d\ude2b, je ne cesse de voir mon chrono qui baisse ma moyenne totale, je n\u2019y arrive pas, je n\u2019ai plus la force, \u00e7a ne m\u2019arrive jamais ou presque jamais, mais l\u00e0 je pense r\u00e9ellement \u00e0 l\u2019abandon. Je n\u2019arr\u00eate pas de me dire : \u00ab&nbsp;mais pourquoi te faire autant de mal ? Tu n\u2019as pas \u00e9t\u00e9 assez mal trait\u00e9 comme \u00e7a ? Tu t\u2019infliges des trucs horribles comme il te faisait vivre&#8230;?&nbsp;\u00bb\ud83e\udd7a. Je crampe sur le vaste interne de mon quadriceps en sentant bien que celle-ci \u00e9tait bien l\u00e0 et qu\u2019elle ne me l\u00e2cherai pas tout de suite. Je prends alors l\u2019initiative de me mouiller les jambes avec l\u2019eau fra\u00eeche que je viens de prendre au ravito&#8230; Cette crampe reviendra plusieurs fois durant ma course, une premi\u00e8re pour moi de cramper \u00e0 cet endroit l\u00e0 ! Bref \u00e7a fuse dans ma t\u00eate, \u00e7a n\u2019arr\u00eate pas. Au km1\ufe0f\u20e33\ufe0f\u20e30\ufe0f\u20e3 j\u2019arrive de nouveau en ville et j\u2019ose imaginer qu\u2019ils seront l\u00e0, j\u2019ai besoin de \u00e7a !! \ud83d\ude4f\ud83c\udffb\ud83d\ude4f\ud83c\udffb Svp svp soyez l\u00e0, j\u2019ai besoin de vous, vraiment besoin de vous&#8230; Je traverse l\u2019ensemble de la ville acclam\u00e9e de nouveau par \u00e9norm\u00e9ment de personnes, MAIS ma famille n\u2019est pas l\u00e0 \ud83d\ude22. Je sors de la ville et me retape ce faux plat montant interminable, je souffre et je pleure \ud83d\ude2d quelques minutes. Je me reprends rapidement en me disant que maintenant que je suis au km 1\ufe0f\u20e33\ufe0f\u20e30\ufe0f\u20e3, je ne peux pas abandonner, que la vie est remplie de moments difficiles, qu\u2019elle ne m\u2019a d\u00e9j\u00e0 pas fait beaucoup de cadeaux et qu\u2019aujourd\u2019hui j\u2019ai la chance de pouvoir faire ce sport que j\u2019aime tant et qui me passionne ! Je repense \u00e0 pourquoi je suis l\u00e0, \u00e0 ce que j\u2019ai d\u00e9j\u00e0 parcouru et ce qu\u2019il me reste \u00e0 faire (\u00e9videmment dans ce cas l\u00e0, je ne pense absolument pas au marathon, je comptabilise uniquement les km restant en v\u00e9lo, le marathon on verra \u00e7a en posant le bike). Je suis contente au Km 1\ufe0f\u20e34\ufe0f\u20e30\ufe0f\u20e3 de trouver ces cotes qui longent le lac, il y a un peu moins de monde pour nous encourager mais les gens sont tellement gentils que je retrouve le sourire malgr\u00e9 la douleur. Je sais qu\u2019une fois en haut au km 1\ufe0f\u20e34\ufe0f\u20e36\ufe0f\u20e3 il ne me restera que 3\ufe0f\u20e34\ufe0f\u20e3 km pour aller d\u00e9poser mon v\u00e9lo \u00e0 la T2\ufe0f\u20e3 et je sais surtout que c\u2019est un petit bout de parcours que je n\u2019ai pas reconnu, \u00e7a me fera une petite distraction de plus pour oublier ma souffrance actuelle. Ce fut effectivement le cas, une belle c\u00f4te nous attendait sur cette portion, finalement elle passe bien, les cuisses sont un peu raides mais \u00e7a passe. Je continue de nouveau sur le plat, sur la portion que je d\u00e9teste que l\u2019on emprunte pour la 3\ufe0f\u20e3e et derni\u00e8re fois, je crampe exactement au m\u00eame endroit que sur le tour pr\u00e9c\u00e9dent, m\u00eame m\u00e9thode&#8230;<\/p>\n","protected":false},"author":1,"featured_media":0,"comment_status":"open","ping_status":"open","sticky":false,"template":"","format":"standard","meta":[],"categories":[1,8,4,10],"tags":[],"_links":{"self":[{"href":"https:\/\/severinedacosta.com\/index.php\/wp-json\/wp\/v2\/posts\/704"}],"collection":[{"href":"https:\/\/severinedacosta.com\/index.php\/wp-json\/wp\/v2\/posts"}],"about":[{"href":"https:\/\/severinedacosta.com\/index.php\/wp-json\/wp\/v2\/types\/post"}],"author":[{"embeddable":true,"href":"https:\/\/severinedacosta.com\/index.php\/wp-json\/wp\/v2\/users\/1"}],"replies":[{"embeddable":true,"href":"https:\/\/severinedacosta.com\/index.php\/wp-json\/wp\/v2\/comments?post=704"}],"version-history":[{"count":12,"href":"https:\/\/severinedacosta.com\/index.php\/wp-json\/wp\/v2\/posts\/704\/revisions"}],"predecessor-version":[{"id":951,"href":"https:\/\/severinedacosta.com\/index.php\/wp-json\/wp\/v2\/posts\/704\/revisions\/951"}],"wp:attachment":[{"href":"https:\/\/severinedacosta.com\/index.php\/wp-json\/wp\/v2\/media?parent=704"}],"wp:term":[{"taxonomy":"category","embeddable":true,"href":"https:\/\/severinedacosta.com\/index.php\/wp-json\/wp\/v2\/categories?post=704"},{"taxonomy":"post_tag","embeddable":true,"href":"https:\/\/severinedacosta.com\/index.php\/wp-json\/wp\/v2\/tags?post=704"}],"curies":[{"name":"wp","href":"https:\/\/api.w.org\/{rel}","templated":true}]}}